{"id":360,"date":"2014-12-14T15:02:11","date_gmt":"2014-12-14T15:02:11","guid":{"rendered":"http:\/\/bheiran.com\/?p=360"},"modified":"2014-12-27T15:21:13","modified_gmt":"2014-12-27T15:21:13","slug":"visita-exposicion-mediterraneo-del-mito-a-la-razon","status":"publish","type":"post","link":"http:\/\/bheiran.trotajueves.es\/?p=360","title":{"rendered":"Visita Exposici\u00f3n: \u00abMediterr\u00e1neo del mito a la raz\u00f3n\u00bb."},"content":{"rendered":"<figure id=\"attachment_363\" aria-describedby=\"caption-attachment-363\" style=\"width: 155px\" class=\"wp-caption alignleft\"><a href=\"http:\/\/multimedia.lacaixa.es\/lacaixa\/ondemand\/obrasocial\/interactivo\/mediterraneo\/es\/visita2.htm\" target=\"_blank\"><img loading=\"lazy\" decoding=\"async\" class=\"wp-image-363 size-full\" src=\"http:\/\/bheiran.com\/wp-content\/uploads\/2014\/12\/IMG_20141214_120247.jpg\" alt=\"Visita virtual\" width=\"155\" height=\"207\" srcset=\"http:\/\/bheiran.trotajueves.es\/wp-content\/uploads\/2014\/12\/IMG_20141214_120247.jpg 155w, http:\/\/bheiran.trotajueves.es\/wp-content\/uploads\/2014\/12\/IMG_20141214_120247-112x150.jpg 112w\" sizes=\"auto, (max-width: 155px) 100vw, 155px\" \/><\/a><figcaption id=\"caption-attachment-363\" class=\"wp-caption-text\">Visita virtual<\/figcaption><\/figure>\n<h3>Nuevamente con la excusa de Bheiran,<\/h3>\n<p>nos acercamos a una actividad \u00a0de lo m\u00e1s interesante.<\/p>\n<p>Se trata de la exposici\u00f3n que se desarrolla en la obra social \u00a0<a href=\"http:\/\/obrasocial.lacaixa.es\/nuestroscentros\/caixaforummadrid\/mediterraneo_es.html\" target=\"_blank\">CaixaForum<\/a> en Madrid:<\/p>\n<p><a href=\"http:\/\/obrasocial.lacaixa.es\/deployedfiles\/obrasocial\/Estaticos\/pdf\/Nuestros_centros\/caixaforummadrid\/Mediterraneo_CaixaForum_Madrid_es.pdf\" target=\"_blank\"><strong><em>\u00abMEDITERR\u00c1NEO: del mito a la raz\u00f3n\u00bb<\/em><\/strong><\/a><\/p>\n<p><span style=\"color: #808080;\"><em>A mediados del primer milenio antes de Cristo, en las costas orientales del Mediterr\u00e1neo se generaron nuevas concepciones del mundo que han sido esenciales en el devenir cultural europeo. El cuestionamiento de la necesidad de los dioses para descifrar los enigmas del cosmos; la organizaci\u00f3n de ciudades alrededor de un espacio central com\u00fan \u2013el \u00e1gora o el foro\u2013 como lugar favorable al encuentro y al di\u00e1logo, y una nueva consideraci\u00f3n de la persona que sustituye la fuerza del guerrero por la fuerza interior del fil\u00f3sofo acontecieron en el mundo grecolatino antiguo.<\/em><\/span><\/p>\n<h3><span style=\"color: #993300;\">Y bueno as\u00ed salimos de contentos:<\/span><\/h3>\n<p><a href=\"http:\/\/bheiran.com\/wp-content\/uploads\/2014\/12\/IMG_20141214_135412.jpg\" target=\"_blank\"><img loading=\"lazy\" decoding=\"async\" class=\"aligncenter wp-image-364 size-medium\" src=\"http:\/\/bheiran.com\/wp-content\/uploads\/2014\/12\/IMG_20141214_135412-300x225.jpg\" alt=\"IMG_20141214_135412\" width=\"300\" height=\"225\" srcset=\"http:\/\/bheiran.trotajueves.es\/wp-content\/uploads\/2014\/12\/IMG_20141214_135412-300x225.jpg 300w, http:\/\/bheiran.trotajueves.es\/wp-content\/uploads\/2014\/12\/IMG_20141214_135412-150x112.jpg 150w, http:\/\/bheiran.trotajueves.es\/wp-content\/uploads\/2014\/12\/IMG_20141214_135412-306x230.jpg 306w, http:\/\/bheiran.trotajueves.es\/wp-content\/uploads\/2014\/12\/IMG_20141214_135412.jpg 640w\" sizes=\"auto, (max-width: 300px) 100vw, 300px\" \/><\/a><\/p>\n<p>&nbsp;<\/p>\n<h3><\/h3>\n<h3><\/h3>\n<h4><\/h4>\n","protected":false},"excerpt":{"rendered":"<p>Nuevamente con la excusa de Bheiran, nos acercamos a una actividad \u00a0de lo m\u00e1s interesante. Se trata de la exposici\u00f3n que se desarrolla en la obra social \u00a0CaixaForum en Madrid: \u00abMEDITERR\u00c1NEO: del mito a la raz\u00f3n\u00bb A mediados del primer milenio antes de Cristo, en las costas orientales del Mediterr\u00e1neo se generaron nuevas concepciones del [&hellip;]<\/p>\n","protected":false},"author":1,"featured_media":309,"comment_status":"open","ping_status":"closed","sticky":false,"template":"","format":"standard","meta":{"footnotes":""},"categories":[7],"tags":[11,19,20],"class_list":["post-360","post","type-post","status-publish","format-standard","has-post-thumbnail","hentry","category-visitas-institucionales","tag-exposiciones","tag-investigadores","tag-mapas"],"_links":{"self":[{"href":"http:\/\/bheiran.trotajueves.es\/index.php?rest_route=\/wp\/v2\/posts\/360","targetHints":{"allow":["GET"]}}],"collection":[{"href":"http:\/\/bheiran.trotajueves.es\/index.php?rest_route=\/wp\/v2\/posts"}],"about":[{"href":"http:\/\/bheiran.trotajueves.es\/index.php?rest_route=\/wp\/v2\/types\/post"}],"author":[{"embeddable":true,"href":"http:\/\/bheiran.trotajueves.es\/index.php?rest_route=\/wp\/v2\/users\/1"}],"replies":[{"embeddable":true,"href":"http:\/\/bheiran.trotajueves.es\/index.php?rest_route=%2Fwp%2Fv2%2Fcomments&post=360"}],"version-history":[{"count":2,"href":"http:\/\/bheiran.trotajueves.es\/index.php?rest_route=\/wp\/v2\/posts\/360\/revisions"}],"predecessor-version":[{"id":368,"href":"http:\/\/bheiran.trotajueves.es\/index.php?rest_route=\/wp\/v2\/posts\/360\/revisions\/368"}],"wp:featuredmedia":[{"embeddable":true,"href":"http:\/\/bheiran.trotajueves.es\/index.php?rest_route=\/wp\/v2\/media\/309"}],"wp:attachment":[{"href":"http:\/\/bheiran.trotajueves.es\/index.php?rest_route=%2Fwp%2Fv2%2Fmedia&parent=360"}],"wp:term":[{"taxonomy":"category","embeddable":true,"href":"http:\/\/bheiran.trotajueves.es\/index.php?rest_route=%2Fwp%2Fv2%2Fcategories&post=360"},{"taxonomy":"post_tag","embeddable":true,"href":"http:\/\/bheiran.trotajueves.es\/index.php?rest_route=%2Fwp%2Fv2%2Ftags&post=360"}],"curies":[{"name":"wp","href":"https:\/\/api.w.org\/{rel}","templated":true}]}}