{"id":503,"date":"2015-04-17T12:07:57","date_gmt":"2015-04-17T12:07:57","guid":{"rendered":"http:\/\/bheiran.com\/?p=503"},"modified":"2020-12-25T20:04:33","modified_gmt":"2020-12-25T20:04:33","slug":"encuentros-en-bheiran-abril","status":"publish","type":"post","link":"http:\/\/bheiran.trotajueves.es\/?p=503","title":{"rendered":"Encuentros en Bheiran Abril"},"content":{"rendered":"<figure id=\"attachment_504\" aria-describedby=\"caption-attachment-504\" style=\"width: 300px\" class=\"wp-caption alignright\"><img loading=\"lazy\" decoding=\"async\" class=\"wp-image-504 size-medium\" src=\"http:\/\/bheiran.com\/wp-content\/uploads\/2015\/04\/carabelapeq-300x168.jpg\" alt=\"carabelapeq\" width=\"300\" height=\"168\" srcset=\"http:\/\/bheiran.trotajueves.es\/wp-content\/uploads\/2015\/04\/carabelapeq-300x168.jpg 300w, http:\/\/bheiran.trotajueves.es\/wp-content\/uploads\/2015\/04\/carabelapeq-150x84.jpg 150w, http:\/\/bheiran.trotajueves.es\/wp-content\/uploads\/2015\/04\/carabelapeq-409x230.jpg 409w, http:\/\/bheiran.trotajueves.es\/wp-content\/uploads\/2015\/04\/carabelapeq.jpg 932w\" sizes=\"auto, (max-width: 300px) 100vw, 300px\" \/><figcaption id=\"caption-attachment-504\" class=\"wp-caption-text\">foto de Bego\u00f1a<\/figcaption><\/figure>\n<p style=\"color: #000000;\"><span style=\"color: #808000;\"><em><strong>Seguimos el curso de nuestro derrotero. <\/strong><\/em><\/span><\/p>\n<p style=\"color: #000000;\"><span style=\"color: #808000;\"><em><strong>Hacia Oriente.\u00a0<\/strong><\/em><\/span><\/p>\n<h3 style=\"color: #000000;\"><span style=\"color: #808000;\"><em>El pasado viernes 17 DE ABRIL,<\/em><\/span><\/h3>\n<h3 style=\"color: #000000;\"><em>volvimos a encontrarnos en\u00a0<strong>BHEIRAN.<\/strong><\/em><\/h3>\n<p>De nuevo nos unimos para compartir ideas<\/p>\n<p>sobre un pa\u00eds remoto pero cercano.<\/p>\n<figure id=\"attachment_505\" aria-describedby=\"caption-attachment-505\" style=\"width: 300px\" class=\"wp-caption alignleft\"><a href=\"http:\/\/bheiran.com\/?page_id=193\" target=\"_blank\" rel=\"noopener\"><img loading=\"lazy\" decoding=\"async\" class=\"wp-image-505 size-medium\" src=\"http:\/\/bheiran.com\/wp-content\/uploads\/2015\/04\/fuertepeq-300x168.jpg\" alt=\"fuertepeq\" width=\"300\" height=\"168\" srcset=\"http:\/\/bheiran.trotajueves.es\/wp-content\/uploads\/2015\/04\/fuertepeq-300x168.jpg 300w, http:\/\/bheiran.trotajueves.es\/wp-content\/uploads\/2015\/04\/fuertepeq-150x84.jpg 150w, http:\/\/bheiran.trotajueves.es\/wp-content\/uploads\/2015\/04\/fuertepeq-409x230.jpg 409w, http:\/\/bheiran.trotajueves.es\/wp-content\/uploads\/2015\/04\/fuertepeq.jpg 932w\" sizes=\"auto, (max-width: 300px) 100vw, 300px\" \/><\/a><figcaption id=\"caption-attachment-505\" class=\"wp-caption-text\">foto de Bego\u00f1a<\/figcaption><\/figure>\n<p style=\"color: #000000;\">Haciendo crecer nuestra expedici\u00f3n.<\/p>\n<p style=\"color: #000000;\"><em><strong>Todo en una tarde de encuentro con el pasado.<\/strong><\/em><\/p>\n<p style=\"color: #000000;\"><a href=\"http:\/\/bheiran.com\/?page_id=193\" target=\"_blank\" rel=\"noopener\">Perfilando nuevos personajes mediante la lectura de nuevos textos, que descubren nuevos actores.<\/a><\/p>\n<p style=\"color: #000000;\">Haciendo hincapi\u00e9 en la necesidad de un narrador.<\/p>\n<p style=\"color: #000000;\">Y muchas nuevas ideas m\u00e1s que nos \u00a0llegaron directamente de las lejanas tierras Bheiran\u00eds, a trav\u00e9s de un compa\u00f1ero de viaje que acababa de llegar desde all\u00ed. (gracias Rosen).<\/p>\n<p style=\"color: #000000; text-align: center;\"><a href=\"http:\/\/s1339.photobucket.com\/user\/trotajueves\/slideshow\/BHEIRAN%20ABRIL\" target=\"_blank\" rel=\"noopener\"><strong>As\u00ed and\u00e1bamos en la reuni\u00f3n.<\/strong><\/a><\/p>\n<figure id=\"attachment_507\" aria-describedby=\"caption-attachment-507\" style=\"width: 300px\" class=\"wp-caption aligncenter\"><a href=\"https:\/\/app.photobucket.com\/u\/trotajueves\/a\/74a4a46d-806c-46fe-82b4-d6d37861091b?mode=slideshow\" target=\"_blank\" rel=\"noopener\"><img loading=\"lazy\" decoding=\"async\" class=\"wp-image-507 size-medium\" src=\"http:\/\/bheiran.com\/wp-content\/uploads\/2015\/04\/IMG_0523peq-300x225.jpg\" alt=\"IMG_0523peq\" width=\"300\" height=\"225\" srcset=\"http:\/\/bheiran.trotajueves.es\/wp-content\/uploads\/2015\/04\/IMG_0523peq-300x225.jpg 300w, http:\/\/bheiran.trotajueves.es\/wp-content\/uploads\/2015\/04\/IMG_0523peq-150x112.jpg 150w, http:\/\/bheiran.trotajueves.es\/wp-content\/uploads\/2015\/04\/IMG_0523peq-306x230.jpg 306w, http:\/\/bheiran.trotajueves.es\/wp-content\/uploads\/2015\/04\/IMG_0523peq.jpg 784w\" sizes=\"auto, (max-width: 300px) 100vw, 300px\" \/><\/a><figcaption id=\"caption-attachment-507\" class=\"wp-caption-text\">Foto de Marian<\/figcaption><\/figure>\n","protected":false},"excerpt":{"rendered":"<p>Seguimos el curso de nuestro derrotero. Hacia Oriente.\u00a0 El pasado viernes 17 DE ABRIL, volvimos a encontrarnos en\u00a0BHEIRAN. De nuevo nos unimos para compartir ideas sobre un pa\u00eds remoto pero cercano. Haciendo crecer nuestra expedici\u00f3n. Todo en una tarde de encuentro con el pasado. Perfilando nuevos personajes mediante la lectura de nuevos textos, que descubren [&hellip;]<\/p>\n","protected":false},"author":1,"featured_media":506,"comment_status":"open","ping_status":"closed","sticky":false,"template":"","format":"standard","meta":{"footnotes":""},"categories":[9],"tags":[14,25],"class_list":["post-503","post","type-post","status-publish","format-standard","has-post-thumbnail","hentry","category-reuniones-en-bheiran","tag-reuniones-bheiranies","tag-tertulia"],"_links":{"self":[{"href":"http:\/\/bheiran.trotajueves.es\/index.php?rest_route=\/wp\/v2\/posts\/503","targetHints":{"allow":["GET"]}}],"collection":[{"href":"http:\/\/bheiran.trotajueves.es\/index.php?rest_route=\/wp\/v2\/posts"}],"about":[{"href":"http:\/\/bheiran.trotajueves.es\/index.php?rest_route=\/wp\/v2\/types\/post"}],"author":[{"embeddable":true,"href":"http:\/\/bheiran.trotajueves.es\/index.php?rest_route=\/wp\/v2\/users\/1"}],"replies":[{"embeddable":true,"href":"http:\/\/bheiran.trotajueves.es\/index.php?rest_route=%2Fwp%2Fv2%2Fcomments&post=503"}],"version-history":[{"count":2,"href":"http:\/\/bheiran.trotajueves.es\/index.php?rest_route=\/wp\/v2\/posts\/503\/revisions"}],"predecessor-version":[{"id":607,"href":"http:\/\/bheiran.trotajueves.es\/index.php?rest_route=\/wp\/v2\/posts\/503\/revisions\/607"}],"wp:featuredmedia":[{"embeddable":true,"href":"http:\/\/bheiran.trotajueves.es\/index.php?rest_route=\/wp\/v2\/media\/506"}],"wp:attachment":[{"href":"http:\/\/bheiran.trotajueves.es\/index.php?rest_route=%2Fwp%2Fv2%2Fmedia&parent=503"}],"wp:term":[{"taxonomy":"category","embeddable":true,"href":"http:\/\/bheiran.trotajueves.es\/index.php?rest_route=%2Fwp%2Fv2%2Fcategories&post=503"},{"taxonomy":"post_tag","embeddable":true,"href":"http:\/\/bheiran.trotajueves.es\/index.php?rest_route=%2Fwp%2Fv2%2Ftags&post=503"}],"curies":[{"name":"wp","href":"https:\/\/api.w.org\/{rel}","templated":true}]}}