{"id":52,"date":"2014-09-07T18:37:10","date_gmt":"2014-09-07T18:37:10","guid":{"rendered":"http:\/\/bheiran.com\/?p=52"},"modified":"2014-10-23T19:07:14","modified_gmt":"2014-10-23T19:07:14","slug":"bheiran-y-m-ardan-gran-viajero-del-siglo-xix-exposicion","status":"publish","type":"post","link":"http:\/\/bheiran.trotajueves.es\/?p=52","title":{"rendered":"BHEIRAN y&#8230; \u201cM. Ardan, gran viajero del siglo XIX\u201d Exposici\u00f3n."},"content":{"rendered":"<p>El pasado Domingo 7 de septiembre antes de la inauguraci\u00f3n de los \u00abEncuentros de Bheiran\u00bb\u00a0\u00a0algunos de los eminentes cient\u00edficos, artistas, sabios y dem\u00e1s ralea que vamos a formar parte del \u00abGRUPO DE BHEIRAN\u00bb,\u00a0nos precipitamos a conocer un trabajo parecido al que pretendemos desarrollar.<\/p>\n<p>El trabajo del investigador <a href=\"http:\/\/www.lafabrica.com\/es\/notas-de-prensa\/2\/photoespana-notas-de-prensa\/46\/xavier-mulet-presenta-a-m_-ardan-gran-viajero-del-siglo-xix\" target=\"_blank\">Mr. Xavier Mullet.<\/a><\/p>\n<p>Comprendido dentro de las diversas actividades que se realizar\u00e1n en torno al \u00abVIAJE A BHEIRAN\u00bb, con esta visita Mr. Mullet nos hizo so\u00f1ar en un futuro prometedor.<\/p>\n<p><iframe loading=\"lazy\" title=\"EL TROTAJUEVES en BEHIR\u00c1N, visita a M. Arkan viajero del s. XIX\" width=\"500\" height=\"281\" src=\"https:\/\/www.youtube.com\/embed\/yEv8zKBfUUA?feature=oembed\" frameborder=\"0\" allow=\"accelerometer; autoplay; clipboard-write; encrypted-media; gyroscope; picture-in-picture; web-share\" referrerpolicy=\"strict-origin-when-cross-origin\" allowfullscreen><\/iframe><\/p>\n<p>Una magn\u00edfica exposici\u00f3n fotogr\u00e1fica que se expone en le MNCN (Museo Nacional de Ciencias Naturales).<\/p>\n<p><a href=\"http:\/\/www.mncn.csic.es\/Menu\/Exposiciones\/Temporales_expotemporales-M_Ardan_2014_ES\/seccion=1183&amp;idioma=es_ES&amp;id=2014060610020001&amp;activo=11.do\" target=\"_blank\"><img loading=\"lazy\" decoding=\"async\" src=\"https:\/\/www.trotajueves.es\/wp-content\/uploads\/2014\/09\/logomncn.jpg\" alt=\"logomncn\" width=\"263\" height=\"97\" \/><\/a><\/p>\n","protected":false},"excerpt":{"rendered":"<p>El pasado Domingo 7 de septiembre antes de la inauguraci\u00f3n de los \u00abEncuentros de Bheiran\u00bb\u00a0\u00a0algunos de los eminentes cient\u00edficos, artistas, sabios y dem\u00e1s ralea que vamos a formar parte del \u00abGRUPO DE BHEIRAN\u00bb,\u00a0nos precipitamos a conocer un trabajo parecido al que pretendemos desarrollar. El trabajo del investigador Mr. Xavier Mullet. Comprendido dentro de las diversas [&hellip;]<\/p>\n","protected":false},"author":1,"featured_media":43,"comment_status":"open","ping_status":"open","sticky":false,"template":"","format":"standard","meta":{"footnotes":""},"categories":[7],"tags":[11,19],"class_list":["post-52","post","type-post","status-publish","format-standard","has-post-thumbnail","hentry","category-visitas-institucionales","tag-exposiciones","tag-investigadores"],"_links":{"self":[{"href":"http:\/\/bheiran.trotajueves.es\/index.php?rest_route=\/wp\/v2\/posts\/52","targetHints":{"allow":["GET"]}}],"collection":[{"href":"http:\/\/bheiran.trotajueves.es\/index.php?rest_route=\/wp\/v2\/posts"}],"about":[{"href":"http:\/\/bheiran.trotajueves.es\/index.php?rest_route=\/wp\/v2\/types\/post"}],"author":[{"embeddable":true,"href":"http:\/\/bheiran.trotajueves.es\/index.php?rest_route=\/wp\/v2\/users\/1"}],"replies":[{"embeddable":true,"href":"http:\/\/bheiran.trotajueves.es\/index.php?rest_route=%2Fwp%2Fv2%2Fcomments&post=52"}],"version-history":[{"count":1,"href":"http:\/\/bheiran.trotajueves.es\/index.php?rest_route=\/wp\/v2\/posts\/52\/revisions"}],"predecessor-version":[{"id":53,"href":"http:\/\/bheiran.trotajueves.es\/index.php?rest_route=\/wp\/v2\/posts\/52\/revisions\/53"}],"wp:featuredmedia":[{"embeddable":true,"href":"http:\/\/bheiran.trotajueves.es\/index.php?rest_route=\/wp\/v2\/media\/43"}],"wp:attachment":[{"href":"http:\/\/bheiran.trotajueves.es\/index.php?rest_route=%2Fwp%2Fv2%2Fmedia&parent=52"}],"wp:term":[{"taxonomy":"category","embeddable":true,"href":"http:\/\/bheiran.trotajueves.es\/index.php?rest_route=%2Fwp%2Fv2%2Fcategories&post=52"},{"taxonomy":"post_tag","embeddable":true,"href":"http:\/\/bheiran.trotajueves.es\/index.php?rest_route=%2Fwp%2Fv2%2Ftags&post=52"}],"curies":[{"name":"wp","href":"https:\/\/api.w.org\/{rel}","templated":true}]}}