{"id":87,"date":"2014-09-21T09:47:32","date_gmt":"2014-09-21T09:47:32","guid":{"rendered":"http:\/\/bheiran.com\/?p=87"},"modified":"2020-12-25T20:17:29","modified_gmt":"2020-12-25T20:17:29","slug":"bheiran-y-exposicion-el-ultimo-viaje-de-la-fragata-mercedes","status":"publish","type":"post","link":"http:\/\/bheiran.trotajueves.es\/?p=87","title":{"rendered":"BHEIRAN Y&#8230; Exposici\u00f3n \u00abEl \u00faltimo viaje de la fragata Mercedes\u00bb"},"content":{"rendered":"<h4 style=\"text-align: center;\">Esta vez nos acercamos a uno de los museos m\u00e1s interesantes de la capital.<\/h4>\n<p>Al <em><strong><a href=\"http:\/\/www.man.es\/man\/home\" target=\"_blank\" rel=\"noopener\">Museo Arqueol\u00f3gico Nacional<\/a>.<\/strong><\/em><\/p>\n<p><a href=\"https:\/\/app.photobucket.com\/u\/trotajueves\/a\/26f0769c-033d-4fe5-9540-a9374556bcc9?mode=slideshow\" target=\"_blank\" rel=\"noopener\"><img loading=\"lazy\" decoding=\"async\" class=\"aligncenter wp-image-143 size-thumbnail\" src=\"http:\/\/bheiran.trotajueves.es\/wp-content\/uploads\/2014\/09\/paraweb-112x150.jpg\" alt=\"paraweb\" width=\"112\" height=\"150\" srcset=\"http:\/\/bheiran.trotajueves.es\/wp-content\/uploads\/2014\/09\/paraweb-112x150.jpg 112w, http:\/\/bheiran.trotajueves.es\/wp-content\/uploads\/2014\/09\/paraweb-224x300.jpg 224w, http:\/\/bheiran.trotajueves.es\/wp-content\/uploads\/2014\/09\/paraweb-172x230.jpg 172w, http:\/\/bheiran.trotajueves.es\/wp-content\/uploads\/2014\/09\/paraweb.jpg 283w\" sizes=\"auto, (max-width: 112px) 100vw, 112px\" \/><\/a><\/p>\n<p style=\"text-align: center;\">Descubrimos un tesoro tanto por la exposici\u00f3n de<\/p>\n<p><a href=\"http:\/\/www.man.es\/man\/exposicion\/exposiciones-temporales\/NSMercedes.html\" target=\"_blank\" rel=\"noopener\">El \u00faltimo viaje de la fragata\u00a0<em>Mercedes<\/em><\/a>,<\/p>\n<p>como del museo en s\u00ed.<\/p>\n","protected":false},"excerpt":{"rendered":"<p>Esta vez nos acercamos a uno de los museos m\u00e1s interesantes de la capital. Al Museo Arqueol\u00f3gico Nacional. Descubrimos un tesoro tanto por la exposici\u00f3n de El \u00faltimo viaje de la fragata\u00a0Mercedes, como del museo en s\u00ed.<\/p>\n","protected":false},"author":1,"featured_media":31,"comment_status":"open","ping_status":"open","sticky":false,"template":"","format":"standard","meta":{"footnotes":""},"categories":[7],"tags":[12,11,13,14],"class_list":["post-87","post","type-post","status-publish","format-standard","has-post-thumbnail","hentry","category-visitas-institucionales","tag-expediciones","tag-exposiciones","tag-la-mar","tag-reuniones-bheiranies"],"_links":{"self":[{"href":"http:\/\/bheiran.trotajueves.es\/index.php?rest_route=\/wp\/v2\/posts\/87","targetHints":{"allow":["GET"]}}],"collection":[{"href":"http:\/\/bheiran.trotajueves.es\/index.php?rest_route=\/wp\/v2\/posts"}],"about":[{"href":"http:\/\/bheiran.trotajueves.es\/index.php?rest_route=\/wp\/v2\/types\/post"}],"author":[{"embeddable":true,"href":"http:\/\/bheiran.trotajueves.es\/index.php?rest_route=\/wp\/v2\/users\/1"}],"replies":[{"embeddable":true,"href":"http:\/\/bheiran.trotajueves.es\/index.php?rest_route=%2Fwp%2Fv2%2Fcomments&post=87"}],"version-history":[{"count":2,"href":"http:\/\/bheiran.trotajueves.es\/index.php?rest_route=\/wp\/v2\/posts\/87\/revisions"}],"predecessor-version":[{"id":610,"href":"http:\/\/bheiran.trotajueves.es\/index.php?rest_route=\/wp\/v2\/posts\/87\/revisions\/610"}],"wp:featuredmedia":[{"embeddable":true,"href":"http:\/\/bheiran.trotajueves.es\/index.php?rest_route=\/wp\/v2\/media\/31"}],"wp:attachment":[{"href":"http:\/\/bheiran.trotajueves.es\/index.php?rest_route=%2Fwp%2Fv2%2Fmedia&parent=87"}],"wp:term":[{"taxonomy":"category","embeddable":true,"href":"http:\/\/bheiran.trotajueves.es\/index.php?rest_route=%2Fwp%2Fv2%2Fcategories&post=87"},{"taxonomy":"post_tag","embeddable":true,"href":"http:\/\/bheiran.trotajueves.es\/index.php?rest_route=%2Fwp%2Fv2%2Ftags&post=87"}],"curies":[{"name":"wp","href":"https:\/\/api.w.org\/{rel}","templated":true}]}}